{"id":192,"date":"2021-10-18T15:58:06","date_gmt":"2021-10-18T15:58:06","guid":{"rendered":"https:\/\/www.sedexpo.com\/?p=192"},"modified":"2022-04-21T16:36:43","modified_gmt":"2022-04-21T16:36:43","slug":"el-salon-de-alimentacion-salimat-abanca-promociona-ya-su-25a-edicion-que-sera-del-2-al-5-de-junio-de-2022","status":"publish","type":"post","link":"https:\/\/www.salimat.es\/2022\/el-salon-de-alimentacion-salimat-abanca-promociona-ya-su-25a-edicion-que-sera-del-2-al-5-de-junio-de-2022\/","title":{"rendered":"El sal\u00f3n de alimentaci\u00f3n Salimat Abanca promociona ya su 25\u00aa edici\u00f3n,  que ser\u00e1 del 2 al 5 de junio de 2022"},"content":{"rendered":"<ul>\n<li>EL CERTAMEN CUENTA ESTOS D\u00cdAS CON UN STAND EN EL SAL\u00d3N GOURMETS, EL CUAL SE CELEBRA DESDE HOY HASTA EL PR\u00d3XIMO JUEVES 21 DE OCTUBRE EN MADRID<\/li>\n<li>ESTA CITA, QUE TENDR\u00c1 LUGAR EN LA FEIRA INTERNACIONAL DE GALICIA ABANCA, VOLVER\u00c1 A CONVERTIRSE EN UN PUNTO DE ENCUENTRO DEL SECTOR<\/li>\n<\/ul>\n<p>El Sal\u00f3n de Alimentaci\u00f3n del Atl\u00e1ntico, Salimat Abanca, promociona estos d\u00edas su 25\u00aa edici\u00f3n, la cual tendr\u00e1 lugar del 2 al 5 de junio de 2022 junto a la Feria Internacional Abanca Semana Verde de Galicia.<\/p>\n<p>As\u00ed, de cara a esta nueva cita, el certamen cuenta con un stand en el 34\u00ba Sal\u00f3n Gourmets, un encuentro de profesionales nacionales e internacionales del sector gastron\u00f3mico, restauraci\u00f3n, hosteler\u00eda, distribuci\u00f3n, catering y comercio especializado, que tiene lugar desde hoy hasta el pr\u00f3ximo jueves 21 de octubre en Madrid.<\/p>\n<p>Adem\u00e1s de esta presencia con stand, en el certamen tambi\u00e9n est\u00e1 presente un equipo comercial de la Feira Internacional de Galicia ABANCA, encabezado por su director, Ricardo Dur\u00e1n. Durante estos d\u00edas realizar\u00e1n visitas a muchos de los expositores presentes en Gourmets, para darles a conocer las ventajas de formar parte de la pr\u00f3xima edici\u00f3n de Salimat Abanca.<\/p>\n<p><strong>Punto de encuentro alimentario<\/strong><\/p>\n<blockquote><p>Salimat Abanca volver\u00e1 a convertirse en 2022 en espacio de convergencia del sector alimentario y gastron\u00f3mico a trav\u00e9s de una atractiva exposici\u00f3n y una amplia programaci\u00f3n en la que destacar\u00e1n los Encuentros Internacionales de Compradores, adem\u00e1s de showcookings, catas, presentaciones y su espacio de innovaci\u00f3n Alinova.<\/p><\/blockquote>\n","protected":false},"excerpt":{"rendered":"<p>EL CERTAMEN CUENTA ESTOS D\u00cdAS CON UN STAND EN EL SAL\u00d3N GOURMETS, EL CUAL SE CELEBRA DESDE HOY HASTA EL PR\u00d3XIMO JUEVES 21 DE OCTUBRE EN MADRID ESTA CITA, QUE TENDR\u00c1 LUGAR EN LA FEIRA INTERNACIONAL DE GALICIA ABANCA, VOLVER\u00c1 A CONVERTIRSE EN UN PUNTO DE ENCUENTRO DEL SECTOR El Sal\u00f3n de Alimentaci\u00f3n del Atl\u00e1ntico, &#8230; <a title=\"El sal\u00f3n de alimentaci\u00f3n Salimat Abanca promociona ya su 25\u00aa edici\u00f3n,  que ser\u00e1 del 2 al 5 de junio de 2022\" class=\"read-more\" href=\"https:\/\/www.salimat.es\/2022\/el-salon-de-alimentacion-salimat-abanca-promociona-ya-su-25a-edicion-que-sera-del-2-al-5-de-junio-de-2022\/\" aria-label=\"M\u00e1s en El sal\u00f3n de alimentaci\u00f3n Salimat Abanca promociona ya su 25\u00aa edici\u00f3n,  que ser\u00e1 del 2 al 5 de junio de 2022\">Leer m\u00e1s<\/a><\/p>\n","protected":false},"author":1,"featured_media":1924,"comment_status":"closed","ping_status":"closed","sticky":false,"template":"","format":"standard","meta":{"footnotes":""},"categories":[1],"tags":[],"acf":[],"yoast_head":"<!-- This site is optimized with the Yoast SEO plugin v18.1 - https:\/\/yoast.com\/wordpress\/plugins\/seo\/ -->\n<title>El sal\u00f3n de alimentaci\u00f3n Salimat Abanca promociona ya su 25\u00aa edici\u00f3n, que ser\u00e1 del 2 al 5 de junio de 2022 - Feria Salimat Abanca 2022<\/title>\n<meta name=\"robots\" content=\"index, follow, max-snippet:-1, max-image-preview:large, max-video-preview:-1\" \/>\n<link rel=\"canonical\" href=\"https:\/\/www.salimat.es\/2022\/el-salon-de-alimentacion-salimat-abanca-promociona-ya-su-25a-edicion-que-sera-del-2-al-5-de-junio-de-2022\/\" \/>\n<meta property=\"og:locale\" content=\"es_ES\" \/>\n<meta property=\"og:type\" content=\"article\" \/>\n<meta property=\"og:title\" content=\"El sal\u00f3n de alimentaci\u00f3n Salimat Abanca promociona ya su 25\u00aa edici\u00f3n, que ser\u00e1 del 2 al 5 de junio de 2022 - Feria Salimat Abanca 2022\" \/>\n<meta property=\"og:description\" content=\"EL CERTAMEN CUENTA ESTOS D\u00cdAS CON UN STAND EN EL SAL\u00d3N GOURMETS, EL CUAL SE CELEBRA DESDE HOY HASTA EL PR\u00d3XIMO JUEVES 21 DE OCTUBRE EN MADRID ESTA CITA, QUE TENDR\u00c1 LUGAR EN LA FEIRA INTERNACIONAL DE GALICIA ABANCA, VOLVER\u00c1 A CONVERTIRSE EN UN PUNTO DE ENCUENTRO DEL SECTOR El Sal\u00f3n de Alimentaci\u00f3n del Atl\u00e1ntico, ... Leer m\u00e1s\" \/>\n<meta property=\"og:url\" content=\"https:\/\/www.salimat.es\/2022\/el-salon-de-alimentacion-salimat-abanca-promociona-ya-su-25a-edicion-que-sera-del-2-al-5-de-junio-de-2022\/\" \/>\n<meta property=\"og:site_name\" content=\"Feria Salimat Abanca 2022\" \/>\n<meta property=\"article:publisher\" content=\"https:\/\/www.facebook.com\/feriasalimat\" \/>\n<meta property=\"article:published_time\" content=\"2021-10-18T15:58:06+00:00\" \/>\n<meta property=\"article:modified_time\" content=\"2022-04-21T16:36:43+00:00\" \/>\n<meta property=\"og:image\" content=\"https:\/\/www.salimat.es\/2022\/wp-content\/uploads\/2021\/03\/Ricardo-Duran-en-el-stand-de-Salimat-Abanca-en-Gourmets.jpg\" \/>\n\t<meta property=\"og:image:width\" content=\"1000\" \/>\n\t<meta property=\"og:image:height\" content=\"750\" \/>\n\t<meta property=\"og:image:type\" content=\"image\/jpeg\" \/>\n<meta name=\"twitter:card\" content=\"summary_large_image\" \/>\n<meta name=\"twitter:creator\" content=\"@SalimatAbanca\" \/>\n<meta name=\"twitter:site\" content=\"@SalimatAbanca\" \/>\n<meta name=\"twitter:label1\" content=\"Escrito por\" \/>\n\t<meta name=\"twitter:data1\" content=\"admin@SedExpo\" \/>\n\t<meta name=\"twitter:label2\" content=\"Tiempo de lectura\" \/>\n\t<meta name=\"twitter:data2\" content=\"1 minuto\" \/>\n<script type=\"application\/ld+json\" class=\"yoast-schema-graph\">{\"@context\":\"https:\/\/schema.org\",\"@graph\":[{\"@type\":\"Organization\",\"@id\":\"https:\/\/www.salimat.es\/2022\/#organization\",\"name\":\"SALIMAT\",\"url\":\"https:\/\/www.salimat.es\/2022\/\",\"sameAs\":[\"https:\/\/www.facebook.com\/feriasalimat\",\"https:\/\/es.linkedin.com\/company\/feira-internacional-de-galicia---figa\",\"https:\/\/twitter.com\/SalimatAbanca\"],\"logo\":{\"@type\":\"ImageObject\",\"@id\":\"https:\/\/www.salimat.es\/2022\/#logo\",\"inLanguage\":\"es\",\"url\":\"https:\/\/www.salimat.es\/2022\/wp-content\/uploads\/2022\/03\/salimat.png\",\"contentUrl\":\"https:\/\/www.salimat.es\/2022\/wp-content\/uploads\/2022\/03\/salimat.png\",\"width\":211,\"height\":210,\"caption\":\"SALIMAT\"},\"image\":{\"@id\":\"https:\/\/www.salimat.es\/2022\/#logo\"}},{\"@type\":\"WebSite\",\"@id\":\"https:\/\/www.salimat.es\/2022\/#website\",\"url\":\"https:\/\/www.salimat.es\/2022\/\",\"name\":\"Feria Salimat Abanca 2022\",\"description\":\"Sal\u00f3n de Alimentaci\u00f3n del Atl\u00e1ntico. Silleda 2-5 junio 2022\",\"publisher\":{\"@id\":\"https:\/\/www.salimat.es\/2022\/#organization\"},\"potentialAction\":[{\"@type\":\"SearchAction\",\"target\":{\"@type\":\"EntryPoint\",\"urlTemplate\":\"https:\/\/www.salimat.es\/2022\/?s={search_term_string}\"},\"query-input\":\"required name=search_term_string\"}],\"inLanguage\":\"es\"},{\"@type\":\"ImageObject\",\"@id\":\"https:\/\/www.salimat.es\/2022\/el-salon-de-alimentacion-salimat-abanca-promociona-ya-su-25a-edicion-que-sera-del-2-al-5-de-junio-de-2022\/#primaryimage\",\"inLanguage\":\"es\",\"url\":\"https:\/\/www.salimat.es\/2022\/wp-content\/uploads\/2021\/03\/Ricardo-Duran-en-el-stand-de-Salimat-Abanca-en-Gourmets.jpg\",\"contentUrl\":\"https:\/\/www.salimat.es\/2022\/wp-content\/uploads\/2021\/03\/Ricardo-Duran-en-el-stand-de-Salimat-Abanca-en-Gourmets.jpg\",\"width\":1000,\"height\":750},{\"@type\":\"WebPage\",\"@id\":\"https:\/\/www.salimat.es\/2022\/el-salon-de-alimentacion-salimat-abanca-promociona-ya-su-25a-edicion-que-sera-del-2-al-5-de-junio-de-2022\/#webpage\",\"url\":\"https:\/\/www.salimat.es\/2022\/el-salon-de-alimentacion-salimat-abanca-promociona-ya-su-25a-edicion-que-sera-del-2-al-5-de-junio-de-2022\/\",\"name\":\"El sal\u00f3n de alimentaci\u00f3n Salimat Abanca promociona ya su 25\u00aa edici\u00f3n, que ser\u00e1 del 2 al 5 de junio de 2022 - Feria Salimat Abanca 2022\",\"isPartOf\":{\"@id\":\"https:\/\/www.salimat.es\/2022\/#website\"},\"primaryImageOfPage\":{\"@id\":\"https:\/\/www.salimat.es\/2022\/el-salon-de-alimentacion-salimat-abanca-promociona-ya-su-25a-edicion-que-sera-del-2-al-5-de-junio-de-2022\/#primaryimage\"},\"datePublished\":\"2021-10-18T15:58:06+00:00\",\"dateModified\":\"2022-04-21T16:36:43+00:00\",\"breadcrumb\":{\"@id\":\"https:\/\/www.salimat.es\/2022\/el-salon-de-alimentacion-salimat-abanca-promociona-ya-su-25a-edicion-que-sera-del-2-al-5-de-junio-de-2022\/#breadcrumb\"},\"inLanguage\":\"es\",\"potentialAction\":[{\"@type\":\"ReadAction\",\"target\":[\"https:\/\/www.salimat.es\/2022\/el-salon-de-alimentacion-salimat-abanca-promociona-ya-su-25a-edicion-que-sera-del-2-al-5-de-junio-de-2022\/\"]}]},{\"@type\":\"BreadcrumbList\",\"@id\":\"https:\/\/www.salimat.es\/2022\/el-salon-de-alimentacion-salimat-abanca-promociona-ya-su-25a-edicion-que-sera-del-2-al-5-de-junio-de-2022\/#breadcrumb\",\"itemListElement\":[{\"@type\":\"ListItem\",\"position\":1,\"name\":\"Portada\",\"item\":\"https:\/\/www.salimat.es\/2022\/\"},{\"@type\":\"ListItem\",\"position\":2,\"name\":\"El sal\u00f3n de alimentaci\u00f3n Salimat Abanca promociona ya su 25\u00aa edici\u00f3n, que ser\u00e1 del 2 al 5 de junio de 2022\"}]},{\"@type\":\"Article\",\"@id\":\"https:\/\/www.salimat.es\/2022\/el-salon-de-alimentacion-salimat-abanca-promociona-ya-su-25a-edicion-que-sera-del-2-al-5-de-junio-de-2022\/#article\",\"isPartOf\":{\"@id\":\"https:\/\/www.salimat.es\/2022\/el-salon-de-alimentacion-salimat-abanca-promociona-ya-su-25a-edicion-que-sera-del-2-al-5-de-junio-de-2022\/#webpage\"},\"author\":{\"@id\":\"https:\/\/www.salimat.es\/2022\/#\/schema\/person\/1fc7315d6712a25472b2c1ce06566872\"},\"headline\":\"El sal\u00f3n de alimentaci\u00f3n Salimat Abanca promociona ya su 25\u00aa edici\u00f3n, que ser\u00e1 del 2 al 5 de junio de 2022\",\"datePublished\":\"2021-10-18T15:58:06+00:00\",\"dateModified\":\"2022-04-21T16:36:43+00:00\",\"mainEntityOfPage\":{\"@id\":\"https:\/\/www.salimat.es\/2022\/el-salon-de-alimentacion-salimat-abanca-promociona-ya-su-25a-edicion-que-sera-del-2-al-5-de-junio-de-2022\/#webpage\"},\"wordCount\":281,\"publisher\":{\"@id\":\"https:\/\/www.salimat.es\/2022\/#organization\"},\"image\":{\"@id\":\"https:\/\/www.salimat.es\/2022\/el-salon-de-alimentacion-salimat-abanca-promociona-ya-su-25a-edicion-que-sera-del-2-al-5-de-junio-de-2022\/#primaryimage\"},\"thumbnailUrl\":\"https:\/\/www.salimat.es\/2022\/wp-content\/uploads\/2021\/03\/Ricardo-Duran-en-el-stand-de-Salimat-Abanca-en-Gourmets.jpg\",\"articleSection\":[\"Sin categorizar\"],\"inLanguage\":\"es\"},{\"@type\":\"Person\",\"@id\":\"https:\/\/www.salimat.es\/2022\/#\/schema\/person\/1fc7315d6712a25472b2c1ce06566872\",\"name\":\"admin@SedExpo\",\"image\":{\"@type\":\"ImageObject\",\"@id\":\"https:\/\/www.salimat.es\/2022\/#personlogo\",\"inLanguage\":\"es\",\"url\":\"https:\/\/secure.gravatar.com\/avatar\/0e3f3fc33c368ebb513160b2161206ec?s=96&d=mm&r=g\",\"contentUrl\":\"https:\/\/secure.gravatar.com\/avatar\/0e3f3fc33c368ebb513160b2161206ec?s=96&d=mm&r=g\",\"caption\":\"admin@SedExpo\"},\"sameAs\":[\"https:\/\/sedexpo.com\"],\"url\":\"https:\/\/www.salimat.es\/2022\/author\/adminsedexpo\/\"}]}<\/script>\n<!-- \/ Yoast SEO plugin. -->","yoast_head_json":{"title":"El sal\u00f3n de alimentaci\u00f3n Salimat Abanca promociona ya su 25\u00aa edici\u00f3n, que ser\u00e1 del 2 al 5 de junio de 2022 - Feria Salimat Abanca 2022","robots":{"index":"index","follow":"follow","max-snippet":"max-snippet:-1","max-image-preview":"max-image-preview:large","max-video-preview":"max-video-preview:-1"},"canonical":"https:\/\/www.salimat.es\/2022\/el-salon-de-alimentacion-salimat-abanca-promociona-ya-su-25a-edicion-que-sera-del-2-al-5-de-junio-de-2022\/","og_locale":"es_ES","og_type":"article","og_title":"El sal\u00f3n de alimentaci\u00f3n Salimat Abanca promociona ya su 25\u00aa edici\u00f3n, que ser\u00e1 del 2 al 5 de junio de 2022 - Feria Salimat Abanca 2022","og_description":"EL CERTAMEN CUENTA ESTOS D\u00cdAS CON UN STAND EN EL SAL\u00d3N GOURMETS, EL CUAL SE CELEBRA DESDE HOY HASTA EL PR\u00d3XIMO JUEVES 21 DE OCTUBRE EN MADRID ESTA CITA, QUE TENDR\u00c1 LUGAR EN LA FEIRA INTERNACIONAL DE GALICIA ABANCA, VOLVER\u00c1 A CONVERTIRSE EN UN PUNTO DE ENCUENTRO DEL SECTOR El Sal\u00f3n de Alimentaci\u00f3n del Atl\u00e1ntico, ... Leer m\u00e1s","og_url":"https:\/\/www.salimat.es\/2022\/el-salon-de-alimentacion-salimat-abanca-promociona-ya-su-25a-edicion-que-sera-del-2-al-5-de-junio-de-2022\/","og_site_name":"Feria Salimat Abanca 2022","article_publisher":"https:\/\/www.facebook.com\/feriasalimat","article_published_time":"2021-10-18T15:58:06+00:00","article_modified_time":"2022-04-21T16:36:43+00:00","og_image":[{"width":1000,"height":750,"url":"https:\/\/www.salimat.es\/2022\/wp-content\/uploads\/2021\/03\/Ricardo-Duran-en-el-stand-de-Salimat-Abanca-en-Gourmets.jpg","type":"image\/jpeg"}],"twitter_card":"summary_large_image","twitter_creator":"@SalimatAbanca","twitter_site":"@SalimatAbanca","twitter_misc":{"Escrito por":"admin@SedExpo","Tiempo de lectura":"1 minuto"},"schema":{"@context":"https:\/\/schema.org","@graph":[{"@type":"Organization","@id":"https:\/\/www.salimat.es\/2022\/#organization","name":"SALIMAT","url":"https:\/\/www.salimat.es\/2022\/","sameAs":["https:\/\/www.facebook.com\/feriasalimat","https:\/\/es.linkedin.com\/company\/feira-internacional-de-galicia---figa","https:\/\/twitter.com\/SalimatAbanca"],"logo":{"@type":"ImageObject","@id":"https:\/\/www.salimat.es\/2022\/#logo","inLanguage":"es","url":"https:\/\/www.salimat.es\/2022\/wp-content\/uploads\/2022\/03\/salimat.png","contentUrl":"https:\/\/www.salimat.es\/2022\/wp-content\/uploads\/2022\/03\/salimat.png","width":211,"height":210,"caption":"SALIMAT"},"image":{"@id":"https:\/\/www.salimat.es\/2022\/#logo"}},{"@type":"WebSite","@id":"https:\/\/www.salimat.es\/2022\/#website","url":"https:\/\/www.salimat.es\/2022\/","name":"Feria Salimat Abanca 2022","description":"Sal\u00f3n de Alimentaci\u00f3n del Atl\u00e1ntico. Silleda 2-5 junio 2022","publisher":{"@id":"https:\/\/www.salimat.es\/2022\/#organization"},"potentialAction":[{"@type":"SearchAction","target":{"@type":"EntryPoint","urlTemplate":"https:\/\/www.salimat.es\/2022\/?s={search_term_string}"},"query-input":"required name=search_term_string"}],"inLanguage":"es"},{"@type":"ImageObject","@id":"https:\/\/www.salimat.es\/2022\/el-salon-de-alimentacion-salimat-abanca-promociona-ya-su-25a-edicion-que-sera-del-2-al-5-de-junio-de-2022\/#primaryimage","inLanguage":"es","url":"https:\/\/www.salimat.es\/2022\/wp-content\/uploads\/2021\/03\/Ricardo-Duran-en-el-stand-de-Salimat-Abanca-en-Gourmets.jpg","contentUrl":"https:\/\/www.salimat.es\/2022\/wp-content\/uploads\/2021\/03\/Ricardo-Duran-en-el-stand-de-Salimat-Abanca-en-Gourmets.jpg","width":1000,"height":750},{"@type":"WebPage","@id":"https:\/\/www.salimat.es\/2022\/el-salon-de-alimentacion-salimat-abanca-promociona-ya-su-25a-edicion-que-sera-del-2-al-5-de-junio-de-2022\/#webpage","url":"https:\/\/www.salimat.es\/2022\/el-salon-de-alimentacion-salimat-abanca-promociona-ya-su-25a-edicion-que-sera-del-2-al-5-de-junio-de-2022\/","name":"El sal\u00f3n de alimentaci\u00f3n Salimat Abanca promociona ya su 25\u00aa edici\u00f3n, que ser\u00e1 del 2 al 5 de junio de 2022 - Feria Salimat Abanca 2022","isPartOf":{"@id":"https:\/\/www.salimat.es\/2022\/#website"},"primaryImageOfPage":{"@id":"https:\/\/www.salimat.es\/2022\/el-salon-de-alimentacion-salimat-abanca-promociona-ya-su-25a-edicion-que-sera-del-2-al-5-de-junio-de-2022\/#primaryimage"},"datePublished":"2021-10-18T15:58:06+00:00","dateModified":"2022-04-21T16:36:43+00:00","breadcrumb":{"@id":"https:\/\/www.salimat.es\/2022\/el-salon-de-alimentacion-salimat-abanca-promociona-ya-su-25a-edicion-que-sera-del-2-al-5-de-junio-de-2022\/#breadcrumb"},"inLanguage":"es","potentialAction":[{"@type":"ReadAction","target":["https:\/\/www.salimat.es\/2022\/el-salon-de-alimentacion-salimat-abanca-promociona-ya-su-25a-edicion-que-sera-del-2-al-5-de-junio-de-2022\/"]}]},{"@type":"BreadcrumbList","@id":"https:\/\/www.salimat.es\/2022\/el-salon-de-alimentacion-salimat-abanca-promociona-ya-su-25a-edicion-que-sera-del-2-al-5-de-junio-de-2022\/#breadcrumb","itemListElement":[{"@type":"ListItem","position":1,"name":"Portada","item":"https:\/\/www.salimat.es\/2022\/"},{"@type":"ListItem","position":2,"name":"El sal\u00f3n de alimentaci\u00f3n Salimat Abanca promociona ya su 25\u00aa edici\u00f3n, que ser\u00e1 del 2 al 5 de junio de 2022"}]},{"@type":"Article","@id":"https:\/\/www.salimat.es\/2022\/el-salon-de-alimentacion-salimat-abanca-promociona-ya-su-25a-edicion-que-sera-del-2-al-5-de-junio-de-2022\/#article","isPartOf":{"@id":"https:\/\/www.salimat.es\/2022\/el-salon-de-alimentacion-salimat-abanca-promociona-ya-su-25a-edicion-que-sera-del-2-al-5-de-junio-de-2022\/#webpage"},"author":{"@id":"https:\/\/www.salimat.es\/2022\/#\/schema\/person\/1fc7315d6712a25472b2c1ce06566872"},"headline":"El sal\u00f3n de alimentaci\u00f3n Salimat Abanca promociona ya su 25\u00aa edici\u00f3n, que ser\u00e1 del 2 al 5 de junio de 2022","datePublished":"2021-10-18T15:58:06+00:00","dateModified":"2022-04-21T16:36:43+00:00","mainEntityOfPage":{"@id":"https:\/\/www.salimat.es\/2022\/el-salon-de-alimentacion-salimat-abanca-promociona-ya-su-25a-edicion-que-sera-del-2-al-5-de-junio-de-2022\/#webpage"},"wordCount":281,"publisher":{"@id":"https:\/\/www.salimat.es\/2022\/#organization"},"image":{"@id":"https:\/\/www.salimat.es\/2022\/el-salon-de-alimentacion-salimat-abanca-promociona-ya-su-25a-edicion-que-sera-del-2-al-5-de-junio-de-2022\/#primaryimage"},"thumbnailUrl":"https:\/\/www.salimat.es\/2022\/wp-content\/uploads\/2021\/03\/Ricardo-Duran-en-el-stand-de-Salimat-Abanca-en-Gourmets.jpg","articleSection":["Sin categorizar"],"inLanguage":"es"},{"@type":"Person","@id":"https:\/\/www.salimat.es\/2022\/#\/schema\/person\/1fc7315d6712a25472b2c1ce06566872","name":"admin@SedExpo","image":{"@type":"ImageObject","@id":"https:\/\/www.salimat.es\/2022\/#personlogo","inLanguage":"es","url":"https:\/\/secure.gravatar.com\/avatar\/0e3f3fc33c368ebb513160b2161206ec?s=96&d=mm&r=g","contentUrl":"https:\/\/secure.gravatar.com\/avatar\/0e3f3fc33c368ebb513160b2161206ec?s=96&d=mm&r=g","caption":"admin@SedExpo"},"sameAs":["https:\/\/sedexpo.com"],"url":"https:\/\/www.salimat.es\/2022\/author\/adminsedexpo\/"}]}},"_links":{"self":[{"href":"https:\/\/www.salimat.es\/2022\/wp-json\/wp\/v2\/posts\/192"}],"collection":[{"href":"https:\/\/www.salimat.es\/2022\/wp-json\/wp\/v2\/posts"}],"about":[{"href":"https:\/\/www.salimat.es\/2022\/wp-json\/wp\/v2\/types\/post"}],"author":[{"embeddable":true,"href":"https:\/\/www.salimat.es\/2022\/wp-json\/wp\/v2\/users\/1"}],"replies":[{"embeddable":true,"href":"https:\/\/www.salimat.es\/2022\/wp-json\/wp\/v2\/comments?post=192"}],"version-history":[{"count":5,"href":"https:\/\/www.salimat.es\/2022\/wp-json\/wp\/v2\/posts\/192\/revisions"}],"predecessor-version":[{"id":1928,"href":"https:\/\/www.salimat.es\/2022\/wp-json\/wp\/v2\/posts\/192\/revisions\/1928"}],"wp:featuredmedia":[{"embeddable":true,"href":"https:\/\/www.salimat.es\/2022\/wp-json\/wp\/v2\/media\/1924"}],"wp:attachment":[{"href":"https:\/\/www.salimat.es\/2022\/wp-json\/wp\/v2\/media?parent=192"}],"wp:term":[{"taxonomy":"category","embeddable":true,"href":"https:\/\/www.salimat.es\/2022\/wp-json\/wp\/v2\/categories?post=192"},{"taxonomy":"post_tag","embeddable":true,"href":"https:\/\/www.salimat.es\/2022\/wp-json\/wp\/v2\/tags?post=192"}],"curies":[{"name":"wp","href":"https:\/\/api.w.org\/{rel}","templated":true}]}}